{"id":2674,"date":"2024-07-24T21:43:21","date_gmt":"2024-07-24T19:43:21","guid":{"rendered":"http:\/\/virtuelnet.net\/thewarning\/?p=2674"},"modified":"2024-07-24T21:43:22","modified_gmt":"2024-07-24T19:43:22","slug":"hardforce-the-warning-interview-paulina-villarreal-velez-24-07-2024","status":"publish","type":"post","link":"http:\/\/virtuelnet.net\/thewarning\/2024\/07\/24\/hardforce-the-warning-interview-paulina-villarreal-velez-24-07-2024\/","title":{"rendered":"HardForce: THE WARNING interview Paulina Villarreal V\u00e9lez \u2013 24-07-2024"},"content":{"rendered":"\n<p>24-07-2024<\/p>\n\n\n\n<p>Lien web: <a href=\"https:\/\/hardforce.com\/actu\/43661\/the-warning-paulina-villarreal-velez-interview\" target=\"_blank\" rel=\"noreferrer noopener\">https:\/\/hardforce.com\/actu\/43661\/the-warning-paulina-villarreal-velez-interview<\/a><\/p>\n\n\n\n<p><strong>Premier groupe de hard-rock et rock alternatif mexicain \u00e0 s\u2019exporter \u00e0 l\u2019international, THE WARNING est en train de gravir les \u00e9chelons qui m\u00e8nent au succ\u00e8s plan\u00e9taire. Il faut dire que Daniela, Paulina et Alejandra ont tout pour r\u00e9ussir&#8230; A la fois talentueuses, bosseuses et charismatiques, les frangines Villarreal poss\u00e8dent \u00e9galement ce \u00ab\u00a0p\u2019tit truc en plus\u00a0\u00bb qui permet au power-trio de se mettre imm\u00e9diatement le public dans sa poche. Profitant de leur passage en premi\u00e8re partie d\u2019Avril Lavigne au Festival de N\u00eemes, HARD FORCE est all\u00e9 \u00e0 la rencontre de Paulina, batteuse et chanteuse, qui s\u2019est fait un plaisir de nous raconter comment son groupe en \u00e9tait arriv\u00e9 l\u00e0&#8230;<\/strong><\/p>\n\n\n<div class=\"wp-block-image\">\n<figure class=\"aligncenter size-full\"><img loading=\"lazy\" decoding=\"async\" width=\"799\" height=\"461\" src=\"http:\/\/virtuelnet.net\/thewarning\/wp-content\/uploads\/2024\/07\/Paulina-a-Nimes.jpg\" alt=\"\" class=\"wp-image-2675\" srcset=\"http:\/\/virtuelnet.net\/thewarning\/wp-content\/uploads\/2024\/07\/Paulina-a-Nimes.jpg 799w, http:\/\/virtuelnet.net\/thewarning\/wp-content\/uploads\/2024\/07\/Paulina-a-Nimes-300x173.jpg 300w, http:\/\/virtuelnet.net\/thewarning\/wp-content\/uploads\/2024\/07\/Paulina-a-Nimes-768x443.jpg 768w\" sizes=\"auto, (max-width: 799px) 100vw, 799px\" \/><\/figure>\n<\/div>\n\n\n<p><strong>THE WARNING<\/strong>, c\u2019est l\u2019histoire de trois s\u0153urs passionn\u00e9es de musique, qui, il y a dix ans, ont d\u00e9cid\u00e9 de monter un groupe de hard rock dans leur ville de Monterrey, une agglom\u00e9ration d\u2019un million d\u2019habitants situ\u00e9e au nord-est du Mexique, \u00e0 moins de 200 km de la fronti\u00e8re am\u00e9ricaine. Et aujourd\u2019hui, nous les retrouvons dans l\u2019enceinte des Ar\u00e8nes de N\u00eemes, un site de concert atypique o\u00f9 les jeunes femmes viennent de terminer leur balance.\u00a0<em>\u00ab Tu te rends compte de la chance que l\u2019on a de se retrouver \u00e0 jouer dans des endroits charg\u00e9s d\u2019histoire comme celui-l\u00e0 ?\u00a0<\/em>attaque Paulina.\u00a0<em>D\u2019avoir la chance de parcourir le monde depuis un an en famille&#8230; Mon p\u00e8re est notre manager, ma m\u00e8re g\u00e8re le quotidien, nous vivons tout cela ensemble et c\u2019est carr\u00e9ment irr\u00e9el ce qu\u2019il s\u2019est pass\u00e9 en \u00e0 peine deux ans. \u00bb\u00a0<\/em><br>La discussion vient \u00e0 peine de commencer et d\u00e9j\u00e0, on a capt\u00e9 que, d\u00e8s leur plus jeune \u00e2ge,\u00a0<strong>Dany<\/strong>\u00a0(23 ans),\u00a0<strong>Pau<\/strong>\u00a0(21 ans) et\u00a0<strong>Ale<\/strong>\u00a0(19 ans), ont \u00e9t\u00e9 biberonn\u00e9es au bon gros rock par leurs parents. Et effectivement, tout est parti de l\u00e0 !\u00a0<em>\u00ab Mon p\u00e8re et ma m\u00e8re ne sont pas musiciens, mais en revanche, ce sont de grands fans de musique<\/em>, explique\u00a0<strong>Paulina<\/strong>.\u00a0<em>A la maison, nous passions des soir\u00e9es enti\u00e8res \u00e0 mater des vid\u00e9os de concerts de QUEEN, Elton John, METALLICA, AC\/DC, MUSE, PINK FLOYD&#8230; C\u2019est comme \u00e7a qu\u2019avec mes s\u0153urs, nous avons commenc\u00e9 notre \u00e9ducation musicale. Et puis un jour, ils nous ont offert le jeu vid\u00e9o \u201cRock Band\u201d. On n\u2019arr\u00eatait pas et c\u2019est vraiment \u00e0 partir de l\u00e0 que l\u2019envie de monter un groupe a germ\u00e9 dans notre esprit. \u00bb<\/em><br><br><\/p>\n","protected":false},"excerpt":{"rendered":"<p>24-07-2024 Lien web: https:\/\/hardforce.com\/actu\/43661\/the-warning-paulina-villarreal-velez-interview Premier groupe de hard-rock et rock alternatif mexicain \u00e0 s\u2019exporter \u00e0 l\u2019international, THE WARNING est en train de gravir les \u00e9chelons qui m\u00e8nent au succ\u00e8s plan\u00e9taire. Il faut dire que Daniela, Paulina et Alejandra ont tout&hellip; <\/p>\n","protected":false},"author":1,"featured_media":0,"comment_status":"closed","ping_status":"closed","sticky":false,"template":"","format":"standard","meta":{"footnotes":""},"categories":[18],"tags":[],"class_list":["post-2674","post","type-post","status-publish","format-standard","hentry","category-vu-dans-la-presse"],"_links":{"self":[{"href":"http:\/\/virtuelnet.net\/thewarning\/wp-json\/wp\/v2\/posts\/2674","targetHints":{"allow":["GET"]}}],"collection":[{"href":"http:\/\/virtuelnet.net\/thewarning\/wp-json\/wp\/v2\/posts"}],"about":[{"href":"http:\/\/virtuelnet.net\/thewarning\/wp-json\/wp\/v2\/types\/post"}],"author":[{"embeddable":true,"href":"http:\/\/virtuelnet.net\/thewarning\/wp-json\/wp\/v2\/users\/1"}],"replies":[{"embeddable":true,"href":"http:\/\/virtuelnet.net\/thewarning\/wp-json\/wp\/v2\/comments?post=2674"}],"version-history":[{"count":1,"href":"http:\/\/virtuelnet.net\/thewarning\/wp-json\/wp\/v2\/posts\/2674\/revisions"}],"predecessor-version":[{"id":2676,"href":"http:\/\/virtuelnet.net\/thewarning\/wp-json\/wp\/v2\/posts\/2674\/revisions\/2676"}],"wp:attachment":[{"href":"http:\/\/virtuelnet.net\/thewarning\/wp-json\/wp\/v2\/media?parent=2674"}],"wp:term":[{"taxonomy":"category","embeddable":true,"href":"http:\/\/virtuelnet.net\/thewarning\/wp-json\/wp\/v2\/categories?post=2674"},{"taxonomy":"post_tag","embeddable":true,"href":"http:\/\/virtuelnet.net\/thewarning\/wp-json\/wp\/v2\/tags?post=2674"}],"curies":[{"name":"wp","href":"https:\/\/api.w.org\/{rel}","templated":true}]}}